{"id":16532,"date":"2020-10-17T16:40:07","date_gmt":"2020-10-17T15:40:07","guid":{"rendered":"https:\/\/lazardfreresgestion-tribune.fr\/?p=16532"},"modified":"2021-05-04T16:41:20","modified_gmt":"2021-05-04T15:41:20","slug":"launch-of-the-lazard-freres-gestion-institut-de-france-foundation","status":"publish","type":"post","link":"https:\/\/latribune.lazardfreresgestion.fr\/en\/launch-of-the-lazard-freres-gestion-institut-de-france-foundation\/","title":{"rendered":"Launch of the Lazard Fr\u00e8res Gestion-Institut de France Foundation"},"content":{"rendered":"<h2><strong>Patronage &amp; Philanthropy<\/strong><\/h2>\n<h3><strong>A new action of Lazard Fr\u00e8res Gestion in favor of cultural, historical and artistic heritage.<\/strong><\/h3>\n<p><strong>Lazard Fr\u00e8res Gestion is committed to the protection and the appreciation of cultural, historical and artistic heritage by launching its Foundation today.<\/strong><\/p>\n<p>Since 2007, Lazard Fr\u00e8res Gestion has been committed to the protection of cultural and artistic heritage by supporting various restoration projects including <em>Le Christ au jardin des Oliviers<\/em> by Eug\u00e8ne Delacroix and the support of artists.<\/p>\n<p>Today, Lazard Fr\u00e8res Gestion wishes to set up a dedicated structure that brings together and coordinates its patronage actions and ensures their sustainability.<\/p>\n<p>Hosted at the Institut de France, the purpose of the Lazard Fr\u00e8res Gestion Foundation is to promote tangible heritage through the restoration and showcasing of works, as well as to protect intangible heritage through education and research.<\/p>\n<p><strong>Composition of the Board of Directors<\/strong><\/p>\n<p><em>Founding Entity \u00a0\u00a0\u00a0\u00a0\u00a0\u00a0\u00a0\u00a0\u00a0\u00a0\u00a0\u00a0\u00a0\u00a0\u00a0\u00a0\u00a0\u00a0\u00a0\u00a0\u00a0\u00a0\u00a0\u00a0\u00a0\u00a0\u00a0\u00a0\u00a0\u00a0\u00a0\u00a0\u00a0\u00a0\u00a0\u00a0\u00a0\u00a0\u00a0\u00a0\u00a0\u00a0 College from the Institute<\/em><\/p>\n<p>Fran\u00e7ois-Marc Durand \u00a0\u00a0\u00a0\u00a0\u00a0\u00a0\u00a0\u00a0\u00a0\u00a0\u00a0\u00a0\u00a0\u00a0\u00a0\u00a0\u00a0\u00a0\u00a0\u00a0\u00a0\u00a0\u00a0\u00a0\u00a0\u00a0\u00a0\u00a0\u00a0\u00a0\u00a0\u00a0\u00a0\u00a0\u00a0\u00a0\u00a0\u00a0\u00a0\u00a0\u00a0 Xavier Darcos<\/p>\n<p>Jean-Jacques de Gournay \u00a0\u00a0\u00a0\u00a0\u00a0\u00a0\u00a0\u00a0\u00a0\u00a0\u00a0\u00a0\u00a0\u00a0\u00a0\u00a0\u00a0\u00a0\u00a0\u00a0\u00a0\u00a0\u00a0\u00a0\u00a0\u00a0\u00a0\u00a0\u00a0\u00a0\u00a0\u00a0\u00a0\u00a0\u00a0\u00a0\u00a0\u00a0\u00a0 William Christie<\/p>\n<p>Fran\u00e7ois de Saint-Pierre \u00a0\u00a0\u00a0\u00a0\u00a0\u00a0\u00a0\u00a0\u00a0\u00a0\u00a0\u00a0\u00a0\u00a0\u00a0\u00a0\u00a0\u00a0\u00a0\u00a0\u00a0\u00a0\u00a0\u00a0\u00a0\u00a0\u00a0\u00a0\u00a0\u00a0\u00a0\u00a0\u00a0\u00a0\u00a0\u00a0\u00a0\u00a0\u00a0\u00a0\u00a0\u00a0 Henri Loyrette<\/p>\n<p><strong>First project supported by the Foundation with the Mus\u00e9e de l&#8217;Arm\u00e9e aux Invalides <\/strong><\/p>\n<h3><strong>A MAJOR WORK RESTORED TO COMMEMORATE THE 350<sup>TH<\/sup> ANNIVERSARY OF THE INVALIDES<\/strong><\/h3>\n<p>THE MARQUIS DE LOUVOIS PRESENTS TO LOUIS XIV THE PLAN TO BE USED FOR THE CONSTRUCTION OF THE HOTEL DES INVALIDES:<\/p>\n<p>Pierre Dulin (1669-1748)<\/p>\n<p><strong>Foundation of the H\u00f4tel Royal des Invalides.<\/strong><\/p>\n<p>A tapestry cartoon commissioned in 1710 and completed in 1715 for the cycle L\u2019Histoire du Roy<\/p>\n<p>&nbsp;<\/p>\n<p>Pierre Dulin (1669-1748)<\/p>\n<p><strong>Foundation of the H\u00f4tel Royal des Invalides.<\/strong><\/p>\n<p>A tapestry cartoon commissioned in 1710 and completed in 1715 for the cycle L\u2019Histoire du Roy<\/p>\n<p><img loading=\"lazy\" decoding=\"async\" class=\"alignnone wp-image-15039\" src=\"https:\/\/latribune.lazardfreresgestion.fr\/wp-content\/uploads\/2020\/10\/tableau-invalides-300x185.png\" alt=\"\" width=\"811\" height=\"500\" srcset=\"https:\/\/latribune.lazardfreresgestion.fr\/wp-content\/uploads\/2020\/10\/tableau-invalides-300x185.png 300w, https:\/\/latribune.lazardfreresgestion.fr\/wp-content\/uploads\/2020\/10\/tableau-invalides-1024x631.png 1024w, https:\/\/latribune.lazardfreresgestion.fr\/wp-content\/uploads\/2020\/10\/tableau-invalides-768x474.png 768w, https:\/\/latribune.lazardfreresgestion.fr\/wp-content\/uploads\/2020\/10\/tableau-invalides-600x370.png 600w, https:\/\/latribune.lazardfreresgestion.fr\/wp-content\/uploads\/2020\/10\/tableau-invalides-825x510.png 825w, https:\/\/latribune.lazardfreresgestion.fr\/wp-content\/uploads\/2020\/10\/tableau-invalides.png 1200w\" sizes=\"auto, (max-width: 811px) 100vw, 811px\" \/><\/p>\n<p><span style=\"color: #333333; font-family: 'Arial',sans-serif; font-size: 8pt;\">Oil on Canvas<\/span><\/p>\n<p><span style=\"color: #333333; font-family: 'Arial',sans-serif; font-size: 8pt;\">H 3.53; L. 5.78 metres without the frame<\/span><\/p>\n<p><span style=\"color: #333333; font-family: 'Arial',sans-serif; font-size: 8pt;\">H 3.97; L. 6.095 metres with the frame<\/span><\/p>\n<p><strong>\u2014<\/strong><\/p>\n<p><span style=\"color: #333333; font-family: 'Arial',sans-serif; font-size: 8pt;\">Paris, Mus\u00e9e de l\u2019Arm\u00e9e, Inv. 6629, MV 2100, Inv. 4279, AC 1555,deposited by the Museum and National Estate of the Versailles and Trianon Palaces to the Mus\u00e9e de l\u2019Arm\u00e9e in 1907<\/span><\/p>\n<p><span style=\"color: #333333; font-family: 'Arial',sans-serif; font-size: 8pt;\">\u00a9 Paris &#8211; Mus\u00e9e de l\u2019Arm\u00e9e, Dist. RMN-Grand Palais \/ Hubert Josse<\/span><\/p>\n<p>In 1710, Pierre Dulin was made responsible for a tapestry cartoon representing the foundation of the Invalides. This commission showed Louis XIV\u2019s commitment towards this charitable institution which he saw as \u201cthe greatest idea of his reign\u201d.<\/p>\n<p>Greeted by the Trumpet of Fame, the Marquis de Louvois, Minister of War, presents to the King and to the Dauphin a plan supported by the allegorical figures of Minerva and Architecture while a Winged Victory guides a group of invalid soldiers.<\/p>\n<p>To commemorate the 350th anniversary of the Invalides, this masterpiece will undergo fundamental restoration, thanks to the generous support of Lazard Fr\u00e8res Gestion-Institut de France Foundation and the Sauvegarde de l\u2019Art Fran\u00e7ais (Foundation for the Safeguarding of French Art). This restoration is taking place before the eyes of visitors in the Saint-J\u00e9r\u00f4me chapel, located in the D\u00f4me des Invalides, close to Napoleon&#8217;s tomb.<\/p>\n<h3><strong>To be continued<\/strong><\/h3>\n<p>Two other projects that will associate education and heritage with the Inp (Institut National du Patrimoine) and the CNSM (Conservatoire National Sup\u00e9rieur de Musique et de Dance de Paris) will be carried out during the year 2020-2021.<\/p>\n<p>&nbsp;<\/p>\n","protected":false},"excerpt":{"rendered":"<p>Patronage &amp; Philanthropy A new action of Lazard Fr\u00e8res Gestion in favor of cultural, historical and artistic heritage. Lazard Fr\u00e8res&hellip; <\/p>\n","protected":false},"author":101016,"featured_media":15052,"comment_status":"closed","ping_status":"closed","sticky":false,"template":"","format":"standard","meta":{"footnotes":""},"categories":[97],"tags":[2285,2289,2288,2268,2284],"class_list":["post-16532","post","type-post","status-publish","format-standard","has-post-thumbnail","hentry","category-news","tag-foundation","tag-institut-de-france-en","tag-invalides-en","tag-patronage","tag-philanthropy"],"yoast_head":"<!-- This site is optimized with the Yoast SEO plugin v27.4 - https:\/\/yoast.com\/product\/yoast-seo-wordpress\/ -->\n<title>Launch of the Lazard Fr\u00e8res Gestion-Institut de France Foundation &#8211; Tribune Lazard Fr\u00e8res Gestion<\/title>\n<meta name=\"description\" content=\"Launch of the Lazard Fr\u00e8res Gestion-Institut de France Foundation News Tribune Lazard Fr\u00e8res Gestion\" \/>\n<meta name=\"robots\" content=\"index, follow, max-snippet:-1, max-image-preview:large, max-video-preview:-1\" \/>\n<link rel=\"canonical\" href=\"https:\/\/latribune.lazardfreresgestion.fr\/en\/launch-of-the-lazard-freres-gestion-institut-de-france-foundation\/\" \/>\n<meta property=\"og:locale\" content=\"en_US\" \/>\n<meta property=\"og:type\" content=\"article\" \/>\n<meta property=\"og:title\" content=\"Launch of the Lazard Fr\u00e8res Gestion-Institut de France Foundation &#8211; Tribune Lazard Fr\u00e8res Gestion\" \/>\n<meta property=\"og:description\" content=\"Launch of the Lazard Fr\u00e8res Gestion-Institut de France Foundation News Tribune Lazard Fr\u00e8res Gestion\" \/>\n<meta property=\"og:url\" content=\"https:\/\/latribune.lazardfreresgestion.fr\/en\/launch-of-the-lazard-freres-gestion-institut-de-france-foundation\/\" \/>\n<meta property=\"og:site_name\" content=\"Tribune Lazard Fr\u00e8res Gestion\" \/>\n<meta property=\"article:published_time\" content=\"2020-10-17T15:40:07+00:00\" \/>\n<meta property=\"article:modified_time\" content=\"2021-05-04T15:41:20+00:00\" \/>\n<meta property=\"og:image\" content=\"https:\/\/latribune.lazardfreresgestion.fr\/wp-content\/uploads\/2020\/10\/signature-FMD-2-1024x542.png\" \/>\n\t<meta property=\"og:image:width\" content=\"1024\" \/>\n\t<meta property=\"og:image:height\" content=\"542\" \/>\n\t<meta property=\"og:image:type\" content=\"image\/png\" \/>\n<meta name=\"author\" content=\"Lazard Freres Gestion\" \/>\n<meta name=\"twitter:card\" content=\"summary_large_image\" \/>\n<meta name=\"twitter:creator\" content=\"@LazardGestion\" \/>\n<meta name=\"twitter:site\" content=\"@LazardGestion\" \/>\n<meta name=\"twitter:label1\" content=\"Written by\" \/>\n\t<meta name=\"twitter:data1\" content=\"Lazard Freres Gestion\" \/>\n\t<meta name=\"twitter:label2\" content=\"Est. reading time\" \/>\n\t<meta name=\"twitter:data2\" content=\"3 minutes\" \/>\n<script type=\"application\/ld+json\" class=\"yoast-schema-graph\">{\"@context\":\"https:\\\/\\\/schema.org\",\"@graph\":[{\"@type\":\"Article\",\"@id\":\"https:\\\/\\\/latribune.lazardfreresgestion.fr\\\/en\\\/launch-of-the-lazard-freres-gestion-institut-de-france-foundation\\\/#article\",\"isPartOf\":{\"@id\":\"https:\\\/\\\/latribune.lazardfreresgestion.fr\\\/en\\\/launch-of-the-lazard-freres-gestion-institut-de-france-foundation\\\/\"},\"author\":{\"name\":\"Lazard Freres Gestion\",\"@id\":\"https:\\\/\\\/latribune.lazardfreresgestion.fr\\\/en\\\/#\\\/schema\\\/person\\\/4a2bad19c535814f1e1473d181f83e9c\"},\"headline\":\"Launch of the Lazard Fr\u00e8res Gestion-Institut de France Foundation\",\"datePublished\":\"2020-10-17T15:40:07+00:00\",\"dateModified\":\"2021-05-04T15:41:20+00:00\",\"mainEntityOfPage\":{\"@id\":\"https:\\\/\\\/latribune.lazardfreresgestion.fr\\\/en\\\/launch-of-the-lazard-freres-gestion-institut-de-france-foundation\\\/\"},\"wordCount\":533,\"publisher\":{\"@id\":\"https:\\\/\\\/latribune.lazardfreresgestion.fr\\\/en\\\/#organization\"},\"image\":{\"@id\":\"https:\\\/\\\/latribune.lazardfreresgestion.fr\\\/en\\\/launch-of-the-lazard-freres-gestion-institut-de-france-foundation\\\/#primaryimage\"},\"thumbnailUrl\":\"https:\\\/\\\/latribune.lazardfreresgestion.fr\\\/wp-content\\\/uploads\\\/2020\\\/10\\\/signature-FMD-2.png\",\"keywords\":[\"Foundation\",\"Institut de France\",\"Invalides\",\"patronage\",\"Philanthropy\"],\"articleSection\":[\"News\"],\"inLanguage\":\"en-US\"},{\"@type\":\"WebPage\",\"@id\":\"https:\\\/\\\/latribune.lazardfreresgestion.fr\\\/en\\\/launch-of-the-lazard-freres-gestion-institut-de-france-foundation\\\/\",\"url\":\"https:\\\/\\\/latribune.lazardfreresgestion.fr\\\/en\\\/launch-of-the-lazard-freres-gestion-institut-de-france-foundation\\\/\",\"name\":\"Launch of the Lazard Fr\u00e8res Gestion-Institut de France Foundation &#8211; Tribune Lazard Fr\u00e8res Gestion\",\"isPartOf\":{\"@id\":\"https:\\\/\\\/latribune.lazardfreresgestion.fr\\\/en\\\/#website\"},\"primaryImageOfPage\":{\"@id\":\"https:\\\/\\\/latribune.lazardfreresgestion.fr\\\/en\\\/launch-of-the-lazard-freres-gestion-institut-de-france-foundation\\\/#primaryimage\"},\"image\":{\"@id\":\"https:\\\/\\\/latribune.lazardfreresgestion.fr\\\/en\\\/launch-of-the-lazard-freres-gestion-institut-de-france-foundation\\\/#primaryimage\"},\"thumbnailUrl\":\"https:\\\/\\\/latribune.lazardfreresgestion.fr\\\/wp-content\\\/uploads\\\/2020\\\/10\\\/signature-FMD-2.png\",\"datePublished\":\"2020-10-17T15:40:07+00:00\",\"dateModified\":\"2021-05-04T15:41:20+00:00\",\"description\":\"Launch of the Lazard Fr\u00e8res Gestion-Institut de France Foundation News Tribune Lazard Fr\u00e8res Gestion\",\"inLanguage\":\"en-US\",\"potentialAction\":[{\"@type\":\"ReadAction\",\"target\":[\"https:\\\/\\\/latribune.lazardfreresgestion.fr\\\/en\\\/launch-of-the-lazard-freres-gestion-institut-de-france-foundation\\\/\"]}]},{\"@type\":\"ImageObject\",\"inLanguage\":\"en-US\",\"@id\":\"https:\\\/\\\/latribune.lazardfreresgestion.fr\\\/en\\\/launch-of-the-lazard-freres-gestion-institut-de-france-foundation\\\/#primaryimage\",\"url\":\"https:\\\/\\\/latribune.lazardfreresgestion.fr\\\/wp-content\\\/uploads\\\/2020\\\/10\\\/signature-FMD-2.png\",\"contentUrl\":\"https:\\\/\\\/latribune.lazardfreresgestion.fr\\\/wp-content\\\/uploads\\\/2020\\\/10\\\/signature-FMD-2.png\",\"width\":2135,\"height\":1130},{\"@type\":\"WebSite\",\"@id\":\"https:\\\/\\\/latribune.lazardfreresgestion.fr\\\/en\\\/#website\",\"url\":\"https:\\\/\\\/latribune.lazardfreresgestion.fr\\\/en\\\/\",\"name\":\"Tribune Lazard Fr\u00e8res Gestion\",\"description\":\"Blog\",\"publisher\":{\"@id\":\"https:\\\/\\\/latribune.lazardfreresgestion.fr\\\/en\\\/#organization\"},\"potentialAction\":[{\"@type\":\"SearchAction\",\"target\":{\"@type\":\"EntryPoint\",\"urlTemplate\":\"https:\\\/\\\/latribune.lazardfreresgestion.fr\\\/en\\\/?s={search_term_string}\"},\"query-input\":{\"@type\":\"PropertyValueSpecification\",\"valueRequired\":true,\"valueName\":\"search_term_string\"}}],\"inLanguage\":\"en-US\"},{\"@type\":\"Organization\",\"@id\":\"https:\\\/\\\/latribune.lazardfreresgestion.fr\\\/en\\\/#organization\",\"name\":\"Lazard Fr\u00e8res Gestion\",\"url\":\"https:\\\/\\\/latribune.lazardfreresgestion.fr\\\/en\\\/\",\"logo\":{\"@type\":\"ImageObject\",\"inLanguage\":\"en-US\",\"@id\":\"https:\\\/\\\/latribune.lazardfreresgestion.fr\\\/en\\\/#\\\/schema\\\/logo\\\/image\\\/\",\"url\":\"https:\\\/\\\/latribune.lazardfreresgestion.fr\\\/wp-content\\\/uploads\\\/2019\\\/03\\\/LOGOLINKEDINVF-2.png\",\"contentUrl\":\"https:\\\/\\\/latribune.lazardfreresgestion.fr\\\/wp-content\\\/uploads\\\/2019\\\/03\\\/LOGOLINKEDINVF-2.png\",\"width\":5000,\"height\":5000,\"caption\":\"Lazard Fr\u00e8res Gestion\"},\"image\":{\"@id\":\"https:\\\/\\\/latribune.lazardfreresgestion.fr\\\/en\\\/#\\\/schema\\\/logo\\\/image\\\/\"},\"sameAs\":[\"https:\\\/\\\/x.com\\\/LazardGestion\",\"https:\\\/\\\/www.linkedin.com\\\/company\\\/lazard-freres-gestion\\\/\",\"https:\\\/\\\/www.youtube.com\\\/channel\\\/UCI1a03ScxMW6clPl82UO_tQ\"]},{\"@type\":\"Person\",\"@id\":\"https:\\\/\\\/latribune.lazardfreresgestion.fr\\\/en\\\/#\\\/schema\\\/person\\\/4a2bad19c535814f1e1473d181f83e9c\",\"name\":\"Lazard Freres Gestion\",\"image\":{\"@type\":\"ImageObject\",\"inLanguage\":\"en-US\",\"@id\":\"https:\\\/\\\/secure.gravatar.com\\\/avatar\\\/128f0714f61071a51906906969e21f6ee66c72ddf9e381e561272ca0fbd906eb?s=96&d=mm&r=g\",\"url\":\"https:\\\/\\\/secure.gravatar.com\\\/avatar\\\/128f0714f61071a51906906969e21f6ee66c72ddf9e381e561272ca0fbd906eb?s=96&d=mm&r=g\",\"contentUrl\":\"https:\\\/\\\/secure.gravatar.com\\\/avatar\\\/128f0714f61071a51906906969e21f6ee66c72ddf9e381e561272ca0fbd906eb?s=96&d=mm&r=g\",\"caption\":\"Lazard Freres Gestion\"}}]}<\/script>\n<!-- \/ Yoast SEO plugin. -->","yoast_head_json":{"title":"Launch of the Lazard Fr\u00e8res Gestion-Institut de France Foundation &#8211; Tribune Lazard Fr\u00e8res Gestion","description":"Launch of the Lazard Fr\u00e8res Gestion-Institut de France Foundation News Tribune Lazard Fr\u00e8res Gestion","robots":{"index":"index","follow":"follow","max-snippet":"max-snippet:-1","max-image-preview":"max-image-preview:large","max-video-preview":"max-video-preview:-1"},"canonical":"https:\/\/latribune.lazardfreresgestion.fr\/en\/launch-of-the-lazard-freres-gestion-institut-de-france-foundation\/","og_locale":"en_US","og_type":"article","og_title":"Launch of the Lazard Fr\u00e8res Gestion-Institut de France Foundation &#8211; Tribune Lazard Fr\u00e8res Gestion","og_description":"Launch of the Lazard Fr\u00e8res Gestion-Institut de France Foundation News Tribune Lazard Fr\u00e8res Gestion","og_url":"https:\/\/latribune.lazardfreresgestion.fr\/en\/launch-of-the-lazard-freres-gestion-institut-de-france-foundation\/","og_site_name":"Tribune Lazard Fr\u00e8res Gestion","article_published_time":"2020-10-17T15:40:07+00:00","article_modified_time":"2021-05-04T15:41:20+00:00","og_image":[{"width":1024,"height":542,"url":"https:\/\/latribune.lazardfreresgestion.fr\/wp-content\/uploads\/2020\/10\/signature-FMD-2-1024x542.png","type":"image\/png"}],"author":"Lazard Freres Gestion","twitter_card":"summary_large_image","twitter_creator":"@LazardGestion","twitter_site":"@LazardGestion","twitter_misc":{"Written by":"Lazard Freres Gestion","Est. reading time":"3 minutes"},"schema":{"@context":"https:\/\/schema.org","@graph":[{"@type":"Article","@id":"https:\/\/latribune.lazardfreresgestion.fr\/en\/launch-of-the-lazard-freres-gestion-institut-de-france-foundation\/#article","isPartOf":{"@id":"https:\/\/latribune.lazardfreresgestion.fr\/en\/launch-of-the-lazard-freres-gestion-institut-de-france-foundation\/"},"author":{"name":"Lazard Freres Gestion","@id":"https:\/\/latribune.lazardfreresgestion.fr\/en\/#\/schema\/person\/4a2bad19c535814f1e1473d181f83e9c"},"headline":"Launch of the Lazard Fr\u00e8res Gestion-Institut de France Foundation","datePublished":"2020-10-17T15:40:07+00:00","dateModified":"2021-05-04T15:41:20+00:00","mainEntityOfPage":{"@id":"https:\/\/latribune.lazardfreresgestion.fr\/en\/launch-of-the-lazard-freres-gestion-institut-de-france-foundation\/"},"wordCount":533,"publisher":{"@id":"https:\/\/latribune.lazardfreresgestion.fr\/en\/#organization"},"image":{"@id":"https:\/\/latribune.lazardfreresgestion.fr\/en\/launch-of-the-lazard-freres-gestion-institut-de-france-foundation\/#primaryimage"},"thumbnailUrl":"https:\/\/latribune.lazardfreresgestion.fr\/wp-content\/uploads\/2020\/10\/signature-FMD-2.png","keywords":["Foundation","Institut de France","Invalides","patronage","Philanthropy"],"articleSection":["News"],"inLanguage":"en-US"},{"@type":"WebPage","@id":"https:\/\/latribune.lazardfreresgestion.fr\/en\/launch-of-the-lazard-freres-gestion-institut-de-france-foundation\/","url":"https:\/\/latribune.lazardfreresgestion.fr\/en\/launch-of-the-lazard-freres-gestion-institut-de-france-foundation\/","name":"Launch of the Lazard Fr\u00e8res Gestion-Institut de France Foundation &#8211; Tribune Lazard Fr\u00e8res Gestion","isPartOf":{"@id":"https:\/\/latribune.lazardfreresgestion.fr\/en\/#website"},"primaryImageOfPage":{"@id":"https:\/\/latribune.lazardfreresgestion.fr\/en\/launch-of-the-lazard-freres-gestion-institut-de-france-foundation\/#primaryimage"},"image":{"@id":"https:\/\/latribune.lazardfreresgestion.fr\/en\/launch-of-the-lazard-freres-gestion-institut-de-france-foundation\/#primaryimage"},"thumbnailUrl":"https:\/\/latribune.lazardfreresgestion.fr\/wp-content\/uploads\/2020\/10\/signature-FMD-2.png","datePublished":"2020-10-17T15:40:07+00:00","dateModified":"2021-05-04T15:41:20+00:00","description":"Launch of the Lazard Fr\u00e8res Gestion-Institut de France Foundation News Tribune Lazard Fr\u00e8res Gestion","inLanguage":"en-US","potentialAction":[{"@type":"ReadAction","target":["https:\/\/latribune.lazardfreresgestion.fr\/en\/launch-of-the-lazard-freres-gestion-institut-de-france-foundation\/"]}]},{"@type":"ImageObject","inLanguage":"en-US","@id":"https:\/\/latribune.lazardfreresgestion.fr\/en\/launch-of-the-lazard-freres-gestion-institut-de-france-foundation\/#primaryimage","url":"https:\/\/latribune.lazardfreresgestion.fr\/wp-content\/uploads\/2020\/10\/signature-FMD-2.png","contentUrl":"https:\/\/latribune.lazardfreresgestion.fr\/wp-content\/uploads\/2020\/10\/signature-FMD-2.png","width":2135,"height":1130},{"@type":"WebSite","@id":"https:\/\/latribune.lazardfreresgestion.fr\/en\/#website","url":"https:\/\/latribune.lazardfreresgestion.fr\/en\/","name":"Tribune Lazard Fr\u00e8res Gestion","description":"Blog","publisher":{"@id":"https:\/\/latribune.lazardfreresgestion.fr\/en\/#organization"},"potentialAction":[{"@type":"SearchAction","target":{"@type":"EntryPoint","urlTemplate":"https:\/\/latribune.lazardfreresgestion.fr\/en\/?s={search_term_string}"},"query-input":{"@type":"PropertyValueSpecification","valueRequired":true,"valueName":"search_term_string"}}],"inLanguage":"en-US"},{"@type":"Organization","@id":"https:\/\/latribune.lazardfreresgestion.fr\/en\/#organization","name":"Lazard Fr\u00e8res Gestion","url":"https:\/\/latribune.lazardfreresgestion.fr\/en\/","logo":{"@type":"ImageObject","inLanguage":"en-US","@id":"https:\/\/latribune.lazardfreresgestion.fr\/en\/#\/schema\/logo\/image\/","url":"https:\/\/latribune.lazardfreresgestion.fr\/wp-content\/uploads\/2019\/03\/LOGOLINKEDINVF-2.png","contentUrl":"https:\/\/latribune.lazardfreresgestion.fr\/wp-content\/uploads\/2019\/03\/LOGOLINKEDINVF-2.png","width":5000,"height":5000,"caption":"Lazard Fr\u00e8res Gestion"},"image":{"@id":"https:\/\/latribune.lazardfreresgestion.fr\/en\/#\/schema\/logo\/image\/"},"sameAs":["https:\/\/x.com\/LazardGestion","https:\/\/www.linkedin.com\/company\/lazard-freres-gestion\/","https:\/\/www.youtube.com\/channel\/UCI1a03ScxMW6clPl82UO_tQ"]},{"@type":"Person","@id":"https:\/\/latribune.lazardfreresgestion.fr\/en\/#\/schema\/person\/4a2bad19c535814f1e1473d181f83e9c","name":"Lazard Freres Gestion","image":{"@type":"ImageObject","inLanguage":"en-US","@id":"https:\/\/secure.gravatar.com\/avatar\/128f0714f61071a51906906969e21f6ee66c72ddf9e381e561272ca0fbd906eb?s=96&d=mm&r=g","url":"https:\/\/secure.gravatar.com\/avatar\/128f0714f61071a51906906969e21f6ee66c72ddf9e381e561272ca0fbd906eb?s=96&d=mm&r=g","contentUrl":"https:\/\/secure.gravatar.com\/avatar\/128f0714f61071a51906906969e21f6ee66c72ddf9e381e561272ca0fbd906eb?s=96&d=mm&r=g","caption":"Lazard Freres Gestion"}}]}},"_links":{"self":[{"href":"https:\/\/latribune.lazardfreresgestion.fr\/en\/wp-json\/wp\/v2\/posts\/16532","targetHints":{"allow":["GET"]}}],"collection":[{"href":"https:\/\/latribune.lazardfreresgestion.fr\/en\/wp-json\/wp\/v2\/posts"}],"about":[{"href":"https:\/\/latribune.lazardfreresgestion.fr\/en\/wp-json\/wp\/v2\/types\/post"}],"author":[{"embeddable":true,"href":"https:\/\/latribune.lazardfreresgestion.fr\/en\/wp-json\/wp\/v2\/users\/101016"}],"replies":[{"embeddable":true,"href":"https:\/\/latribune.lazardfreresgestion.fr\/en\/wp-json\/wp\/v2\/comments?post=16532"}],"version-history":[{"count":1,"href":"https:\/\/latribune.lazardfreresgestion.fr\/en\/wp-json\/wp\/v2\/posts\/16532\/revisions"}],"predecessor-version":[{"id":16533,"href":"https:\/\/latribune.lazardfreresgestion.fr\/en\/wp-json\/wp\/v2\/posts\/16532\/revisions\/16533"}],"wp:featuredmedia":[{"embeddable":true,"href":"https:\/\/latribune.lazardfreresgestion.fr\/en\/wp-json\/wp\/v2\/media\/15052"}],"wp:attachment":[{"href":"https:\/\/latribune.lazardfreresgestion.fr\/en\/wp-json\/wp\/v2\/media?parent=16532"}],"wp:term":[{"taxonomy":"category","embeddable":true,"href":"https:\/\/latribune.lazardfreresgestion.fr\/en\/wp-json\/wp\/v2\/categories?post=16532"},{"taxonomy":"post_tag","embeddable":true,"href":"https:\/\/latribune.lazardfreresgestion.fr\/en\/wp-json\/wp\/v2\/tags?post=16532"}],"curies":[{"name":"wp","href":"https:\/\/api.w.org\/{rel}","templated":true}]}}